{"id":369,"date":"2020-11-09T07:48:46","date_gmt":"2020-11-09T06:48:46","guid":{"rendered":"https:\/\/portal.edu.gva.es\/aules\/?p=369"},"modified":"2023-08-31T09:46:25","modified_gmt":"2023-08-31T07:46:25","slug":"cursos-de-autoformacion-de-aules","status":"publish","type":"post","link":"https:\/\/portal.edu.gva.es\/aules\/es\/cursos-de-autoformacion-de-aules\/","title":{"rendered":"Cursos de autoformaci\u00f3n de Aules"},"content":{"rendered":"<p style=\"text-align: justify;\">La Subdirecci\u00f3n General de Formaci\u00f3n del Profesorado (SGFP) ha liberado y adaptado el curso de formaci\u00f3n de Aules de nivel inicial y nivel intermedio, para poderse consultar en abierto. Pod\u00e9is encontrar los cursos en el sabor docente en los siguientes enlaces:<\/p>\n<p style=\"text-align: justify;\"><a href=\"https:\/\/aules.edu.gva.es\/docent\/course\/view.php?id=47166\" target=\"_blank\" rel=\"noopener noreferrer\">Curso de Aules (nivel inicial)<\/a><br \/>\n<a href=\"https:\/\/aules.edu.gva.es\/docent\/course\/view.php?id=47173\" target=\"_blank\" rel=\"noopener noreferrer\">Curso de Aules (nivel intermedio)<\/a><\/p>\n<p style=\"text-align: justify;\">En esa categor\u00eda de Aules para Docentes tambi\u00e9n pod\u00e9is encontrar el <a href=\"https:\/\/aules.edu.gva.es\/docent\/course\/view.php?id=50559\" target=\"_blank\" rel=\"noopener noreferrer\">Curso de Comunicaci\u00f3n de Aules<\/a>, en el cual pod\u00e9is preguntar dudas y hacer propuestas de mejora para la plataforma.<\/p>\n<p><img loading=\"lazy\" decoding=\"async\" class=\"aligncenter size-full\" src=\"https:\/\/portal.edu.gva.es\/aules\/wp-content\/uploads\/sites\/644\/2020\/11\/autoformacio_aules.png\" width=\"936\" height=\"220\" \/><\/p>\n","protected":false},"excerpt":{"rendered":"<p>La Subdirecci\u00f3n General de Formaci\u00f3n del Profesorado (SGFP) ha liberado y adaptado el curso de formaci\u00f3n de Aules de nivel inicial y nivel intermedio, para poderse consultar en abierto. Pod\u00e9is encontrar los cursos en el sabor docente en los siguientes enlaces: Curso de Aules (nivel inicial) Curso de Aules (nivel intermedio) En esa categor\u00eda de &#8230; <a title=\"Cursos de autoformaci\u00f3n de Aules\" class=\"read-more\" href=\"https:\/\/portal.edu.gva.es\/aules\/es\/cursos-de-autoformacion-de-aules\/\" aria-label=\"Read more about Cursos de autoformaci\u00f3n de Aules\">Llegir m\u00e9s \/ leer m\u00e1s<\/a><\/p>\n","protected":false},"author":5974,"featured_media":197,"comment_status":"closed","ping_status":"closed","sticky":false,"template":"","format":"standard","meta":{"footnotes":""},"categories":[87],"tags":[],"class_list":["post-369","post","type-post","status-publish","format-standard","has-post-thumbnail","hentry","category-formacion-es","no-featured-image-padding"],"lang":"es","translations":{"es":369,"va":365},"pll_sync_post":[],"_links":{"self":[{"href":"https:\/\/portal.edu.gva.es\/aules\/wp-json\/wp\/v2\/posts\/369"}],"collection":[{"href":"https:\/\/portal.edu.gva.es\/aules\/wp-json\/wp\/v2\/posts"}],"about":[{"href":"https:\/\/portal.edu.gva.es\/aules\/wp-json\/wp\/v2\/types\/post"}],"author":[{"embeddable":true,"href":"https:\/\/portal.edu.gva.es\/aules\/wp-json\/wp\/v2\/users\/5974"}],"replies":[{"embeddable":true,"href":"https:\/\/portal.edu.gva.es\/aules\/wp-json\/wp\/v2\/comments?post=369"}],"version-history":[{"count":2,"href":"https:\/\/portal.edu.gva.es\/aules\/wp-json\/wp\/v2\/posts\/369\/revisions"}],"predecessor-version":[{"id":918,"href":"https:\/\/portal.edu.gva.es\/aules\/wp-json\/wp\/v2\/posts\/369\/revisions\/918"}],"wp:featuredmedia":[{"embeddable":true,"href":"https:\/\/portal.edu.gva.es\/aules\/wp-json\/wp\/v2\/media\/197"}],"wp:attachment":[{"href":"https:\/\/portal.edu.gva.es\/aules\/wp-json\/wp\/v2\/media?parent=369"}],"wp:term":[{"taxonomy":"category","embeddable":true,"href":"https:\/\/portal.edu.gva.es\/aules\/wp-json\/wp\/v2\/categories?post=369"},{"taxonomy":"post_tag","embeddable":true,"href":"https:\/\/portal.edu.gva.es\/aules\/wp-json\/wp\/v2\/tags?post=369"}],"curies":[{"name":"wp","href":"https:\/\/api.w.org\/{rel}","templated":true}]}}