{"id":313,"date":"2020-10-30T13:18:20","date_gmt":"2020-10-30T12:18:20","guid":{"rendered":"https:\/\/portal.edu.gva.es\/aules\/?p=313"},"modified":"2023-08-31T09:46:28","modified_gmt":"2023-08-31T07:46:28","slug":"sollicitud-de-nous-cursos","status":"publish","type":"post","link":"https:\/\/portal.edu.gva.es\/aules\/sollicitud-de-nous-cursos\/","title":{"rendered":"Sol\u00b7licitud de nous cursos"},"content":{"rendered":"<p style=\"text-align: justify;\">S&#8217;ha implementat una nova funcionalitat en Aules que permet que els directors del seu centre i, exclusivament per a activitat acad\u00e8mica amb el seu alumnat, puguen demanar cursos &#8220;extra&#8221; als quals venen sincronitzats per Itaca. S\u00f3n cursos destinats fonamentalment a donar soluci\u00f3 als problemes de professorat de PT, ALL, etc. A m\u00e9s, tamb\u00e9 es permet la creaci\u00f3 de cursos destinats a grups de recuperaci\u00f3 o qualsevol altra casu\u00edstica que, dins del seu model acad\u00e8mic, puguen necessitar els centres educatius.<\/p>\n<p style=\"text-align: justify;\">El proc\u00e9s d&#8217;acceptaci\u00f3 dels cursos i que els mateixos apareguen als directors dels centres educatius, es gestionar\u00e0 en 72 hores (no s&#8217;inclouen dies no laborables).<\/p>\n<p>En la pantalla d&#8217;administraci\u00f3 dels directors dels centres educatius apareixer\u00e0 un apartat de &#8220;sol\u00b7licitud de cursos&#8221;.<\/p>\n<p><img loading=\"lazy\" decoding=\"async\" class=\"size-full wp-image-321 aligncenter\" src=\"https:\/\/portal.edu.gva.es\/aules\/wp-content\/uploads\/sites\/644\/2020\/10\/Screenshot_2020-10-30-La-meua-p\u00e0gina-inicial.png\" alt=\"\" width=\"468\" height=\"432\" srcset=\"https:\/\/portal.edu.gva.es\/aules\/wp-content\/uploads\/sites\/644\/2020\/10\/Screenshot_2020-10-30-La-meua-p\u00e0gina-inicial.png 468w, https:\/\/portal.edu.gva.es\/aules\/wp-content\/uploads\/sites\/644\/2020\/10\/Screenshot_2020-10-30-La-meua-p\u00e0gina-inicial-300x277.png 300w\" sizes=\"(max-width: 468px) 100vw, 468px\" \/><\/p>\n<p style=\"text-align: justify;\">Aquesta sol\u00b7licitud obliga a posar-li un nom al curs (p.ex. &#8220;curs PT&#8221;, &#8220;curs recuperaci\u00f3 de&#8230;&#8221;, etc. i a marcar la casella de que &#8220;aquest curs estar\u00e0 destinat a activitat acad\u00e8mica amb l&#8217;alumnat&#8221; (veure dues imatges seg\u00fcents).<\/p>\n<p><img loading=\"lazy\" decoding=\"async\" class=\"size-full wp-image-320 aligncenter\" src=\"https:\/\/portal.edu.gva.es\/aules\/wp-content\/uploads\/sites\/644\/2020\/10\/Screenshot_2020-10-30-AULES-Request-courses-Manager.png\" alt=\"\" width=\"1075\" height=\"393\" srcset=\"https:\/\/portal.edu.gva.es\/aules\/wp-content\/uploads\/sites\/644\/2020\/10\/Screenshot_2020-10-30-AULES-Request-courses-Manager.png 1075w, https:\/\/portal.edu.gva.es\/aules\/wp-content\/uploads\/sites\/644\/2020\/10\/Screenshot_2020-10-30-AULES-Request-courses-Manager-300x110.png 300w, https:\/\/portal.edu.gva.es\/aules\/wp-content\/uploads\/sites\/644\/2020\/10\/Screenshot_2020-10-30-AULES-Request-courses-Manager-768x281.png 768w, https:\/\/portal.edu.gva.es\/aules\/wp-content\/uploads\/sites\/644\/2020\/10\/Screenshot_2020-10-30-AULES-Request-courses-Manager-1024x374.png 1024w\" sizes=\"(max-width: 1075px) 100vw, 1075px\" \/> <img loading=\"lazy\" decoding=\"async\" class=\"alignnone size-full wp-image-319\" src=\"https:\/\/portal.edu.gva.es\/aules\/wp-content\/uploads\/sites\/644\/2020\/10\/Screenshot_2020-10-30-AULES-Request-courses-Manager1.png\" alt=\"\" width=\"1045\" height=\"326\" srcset=\"https:\/\/portal.edu.gva.es\/aules\/wp-content\/uploads\/sites\/644\/2020\/10\/Screenshot_2020-10-30-AULES-Request-courses-Manager1.png 1045w, https:\/\/portal.edu.gva.es\/aules\/wp-content\/uploads\/sites\/644\/2020\/10\/Screenshot_2020-10-30-AULES-Request-courses-Manager1-300x94.png 300w, https:\/\/portal.edu.gva.es\/aules\/wp-content\/uploads\/sites\/644\/2020\/10\/Screenshot_2020-10-30-AULES-Request-courses-Manager1-768x240.png 768w, https:\/\/portal.edu.gva.es\/aules\/wp-content\/uploads\/sites\/644\/2020\/10\/Screenshot_2020-10-30-AULES-Request-courses-Manager1-1024x319.png 1024w\" sizes=\"(max-width: 1045px) 100vw, 1045px\" \/><\/p>\n<p style=\"text-align: justify;\">Una vegada la petici\u00f3 est\u00e0 demanada ja ens arriba a l&#8217;equip d&#8217;Aules.<\/p>\n<p><img loading=\"lazy\" decoding=\"async\" class=\"size-full wp-image-318 aligncenter\" src=\"https:\/\/portal.edu.gva.es\/aules\/wp-content\/uploads\/sites\/644\/2020\/10\/Screenshot_2020-10-30-AULES-Request-courses-Manager2.png\" alt=\"\" width=\"717\" height=\"318\" srcset=\"https:\/\/portal.edu.gva.es\/aules\/wp-content\/uploads\/sites\/644\/2020\/10\/Screenshot_2020-10-30-AULES-Request-courses-Manager2.png 717w, https:\/\/portal.edu.gva.es\/aules\/wp-content\/uploads\/sites\/644\/2020\/10\/Screenshot_2020-10-30-AULES-Request-courses-Manager2-300x133.png 300w\" sizes=\"(max-width: 717px) 100vw, 717px\" \/><\/p>\n<p style=\"text-align: justify;\">Al director del centre li apareixen els cursos pendents d&#8217;aprovaci\u00f3.<\/p>\n<p><img loading=\"lazy\" decoding=\"async\" class=\"alignnone size-full wp-image-323\" src=\"https:\/\/portal.edu.gva.es\/aules\/wp-content\/uploads\/sites\/644\/2020\/10\/ies_alm_prova.png\" alt=\"\" width=\"1395\" height=\"327\" srcset=\"https:\/\/portal.edu.gva.es\/aules\/wp-content\/uploads\/sites\/644\/2020\/10\/ies_alm_prova.png 1395w, https:\/\/portal.edu.gva.es\/aules\/wp-content\/uploads\/sites\/644\/2020\/10\/ies_alm_prova-300x70.png 300w, https:\/\/portal.edu.gva.es\/aules\/wp-content\/uploads\/sites\/644\/2020\/10\/ies_alm_prova-768x180.png 768w, https:\/\/portal.edu.gva.es\/aules\/wp-content\/uploads\/sites\/644\/2020\/10\/ies_alm_prova-1024x240.png 1024w\" sizes=\"(max-width: 1395px) 100vw, 1395px\" \/><\/p>\n<p style=\"text-align: justify;\">Un cop s&#8217;haja revisat, i es comprove que realment es dedicar\u00e0 a activitat acad\u00e8mica, ja apareixer\u00e0 amb l&#8217;estat &#8220;Acceptat&#8221; o &#8220;Refusat&#8221;.<\/p>\n<p style=\"text-align: center;\">\n<p style=\"text-align: center;\"><img loading=\"lazy\" decoding=\"async\" class=\"alignnone size-full wp-image-316\" src=\"https:\/\/portal.edu.gva.es\/aules\/wp-content\/uploads\/sites\/644\/2020\/10\/Screenshot_2020-10-30-AULES-Request-courses-Manager4.png\" alt=\"\" width=\"1330\" height=\"578\" srcset=\"https:\/\/portal.edu.gva.es\/aules\/wp-content\/uploads\/sites\/644\/2020\/10\/Screenshot_2020-10-30-AULES-Request-courses-Manager4.png 1330w, https:\/\/portal.edu.gva.es\/aules\/wp-content\/uploads\/sites\/644\/2020\/10\/Screenshot_2020-10-30-AULES-Request-courses-Manager4-300x130.png 300w, https:\/\/portal.edu.gva.es\/aules\/wp-content\/uploads\/sites\/644\/2020\/10\/Screenshot_2020-10-30-AULES-Request-courses-Manager4-768x334.png 768w, https:\/\/portal.edu.gva.es\/aules\/wp-content\/uploads\/sites\/644\/2020\/10\/Screenshot_2020-10-30-AULES-Request-courses-Manager4-1024x445.png 1024w\" sizes=\"(max-width: 1330px) 100vw, 1330px\" \/><\/p>\n<p style=\"text-align: center;\"><strong>IMPORTANT!!!\u00a0<\/strong><\/p>\n<p style=\"text-align: center;\"><strong><span style=\"color: #000080;\">Recordeu que la sol\u00b7licitud de cursos on s&#8217;haja de matricular alumnat ha de fer-se en el sabor corresponent (Infantil, Prim\u00e0ria, ESO, Batxillerat, FP, etc.).<\/span><\/strong><\/p>\n","protected":false},"excerpt":{"rendered":"<p>S&#8217;ha implementat una nova funcionalitat en Aules que permet que els directors del seu centre i, exclusivament per a activitat acad\u00e8mica amb el seu alumnat, puguen demanar cursos &#8220;extra&#8221; als quals venen sincronitzats per Itaca. S\u00f3n cursos destinats fonamentalment a donar soluci\u00f3 als problemes de professorat de PT, ALL, etc. A m\u00e9s, tamb\u00e9 es permet &#8230; <a title=\"Sol\u00b7licitud de nous cursos\" class=\"read-more\" href=\"https:\/\/portal.edu.gva.es\/aules\/sollicitud-de-nous-cursos\/\" aria-label=\"Read more about Sol\u00b7licitud de nous cursos\">Llegir m\u00e9s \/ leer m\u00e1s<\/a><\/p>\n","protected":false},"author":5974,"featured_media":197,"comment_status":"closed","ping_status":"closed","sticky":false,"template":"","format":"standard","meta":{"footnotes":""},"categories":[21],"tags":[],"class_list":["post-313","post","type-post","status-publish","format-standard","has-post-thumbnail","hentry","category-millores-va","no-featured-image-padding"],"lang":"va","translations":{"va":313,"es":326},"pll_sync_post":[],"_links":{"self":[{"href":"https:\/\/portal.edu.gva.es\/aules\/wp-json\/wp\/v2\/posts\/313"}],"collection":[{"href":"https:\/\/portal.edu.gva.es\/aules\/wp-json\/wp\/v2\/posts"}],"about":[{"href":"https:\/\/portal.edu.gva.es\/aules\/wp-json\/wp\/v2\/types\/post"}],"author":[{"embeddable":true,"href":"https:\/\/portal.edu.gva.es\/aules\/wp-json\/wp\/v2\/users\/5974"}],"replies":[{"embeddable":true,"href":"https:\/\/portal.edu.gva.es\/aules\/wp-json\/wp\/v2\/comments?post=313"}],"version-history":[{"count":7,"href":"https:\/\/portal.edu.gva.es\/aules\/wp-json\/wp\/v2\/posts\/313\/revisions"}],"predecessor-version":[{"id":332,"href":"https:\/\/portal.edu.gva.es\/aules\/wp-json\/wp\/v2\/posts\/313\/revisions\/332"}],"wp:featuredmedia":[{"embeddable":true,"href":"https:\/\/portal.edu.gva.es\/aules\/wp-json\/wp\/v2\/media\/197"}],"wp:attachment":[{"href":"https:\/\/portal.edu.gva.es\/aules\/wp-json\/wp\/v2\/media?parent=313"}],"wp:term":[{"taxonomy":"category","embeddable":true,"href":"https:\/\/portal.edu.gva.es\/aules\/wp-json\/wp\/v2\/categories?post=313"},{"taxonomy":"post_tag","embeddable":true,"href":"https:\/\/portal.edu.gva.es\/aules\/wp-json\/wp\/v2\/tags?post=313"}],"curies":[{"name":"wp","href":"https:\/\/api.w.org\/{rel}","templated":true}]}}