{"id":2435,"date":"2024-02-28T15:21:04","date_gmt":"2024-02-28T14:21:04","guid":{"rendered":"https:\/\/portal.edu.gva.es\/aules\/?p=2435"},"modified":"2024-07-31T10:36:55","modified_gmt":"2024-07-31T08:36:55","slug":"pregunta-dexpressio-regular-de-resposta-curta","status":"publish","type":"post","link":"https:\/\/portal.edu.gva.es\/aules\/pregunta-dexpressio-regular-de-resposta-curta\/","title":{"rendered":"Pregunta d&#8217;expressi\u00f3 regular de resposta curta"},"content":{"rendered":"\n<p>Ja teniu disponible un nou tipus de pregunta per a afegir als vostres q\u00fcestionaris. Es tracta de la pregunta d&#8217;expressi\u00f3 regular de resposta curta.<\/p>\n\n\n\n<p>Una expressi\u00f3 regular \u00e9s una seq\u00fc\u00e8ncia de car\u00e0cters que conforma un patr\u00f3 que Moodle pot comprendre i utilitzar. En la pr\u00e0ctica, mitjan\u00e7ant aquest patr\u00f3 s&#8217;analitza una l\u00ednia de text (la resposta) buscant coincid\u00e8ncies. A\u00e7\u00f2 permet recon\u00e9ixer una resposta que nom\u00e9s siga correcta\/v\u00e0lida parcialment i donar-li una puntuaci\u00f3 en conseq\u00fc\u00e8ncia.<\/p>\n\n\n\n<p>La configuraci\u00f3 d&#8217;una pregunta d&#8217;expressi\u00f3 regular de resposta curta pot ser for\u00e7a complexa i, si no es configura adequadament (per exemple, si \u00e9s massa oberta i admet un nombre massa gran de varietats), tamb\u00e9 pot ser costosa de procesar. No obstant aix\u00f2, permet de puntuar acuradament, de forma autom\u00e0tica, respostes curtes que no coincideixen lletra per lletra amb la resposta model.<\/p>\n\n\n\n<p>La documentaci\u00f3 oficial de Moodle sobre este tipus de pregunta nom\u00e9s est\u00e0 tradu\u00efda parcialment de l&#8217;angl\u00e9s al castell\u00e0. <a href=\"https:\/\/portal.edu.gva.es\/aules\/wp-content\/uploads\/sites\/644\/2024\/02\/Preguntas_regexp_va.pdf\">En el seg\u00fcent document, basat en eixa versi\u00f3, en trobareu una traducci\u00f3 al valenci\u00e0<\/a>.<\/p>\n\n\n\n<p><\/p>\n","protected":false},"excerpt":{"rendered":"<p>Ja teniu disponible un nou tipus de pregunta per a afegir als vostres q\u00fcestionaris. Es tracta de la pregunta d&#8217;expressi\u00f3 regular de resposta curta. Una expressi\u00f3 regular \u00e9s una seq\u00fc\u00e8ncia de car\u00e0cters que conforma un patr\u00f3 que Moodle pot comprendre i utilitzar. En la pr\u00e0ctica, mitjan\u00e7ant aquest patr\u00f3 s&#8217;analitza una l\u00ednia de text (la resposta) &#8230; <a title=\"Pregunta d&#8217;expressi\u00f3 regular de resposta curta\" class=\"read-more\" href=\"https:\/\/portal.edu.gva.es\/aules\/pregunta-dexpressio-regular-de-resposta-curta\/\" aria-label=\"Read more about Pregunta d&#8217;expressi\u00f3 regular de resposta curta\">Llegir m\u00e9s \/ leer m\u00e1s<\/a><\/p>\n","protected":false},"author":5974,"featured_media":705,"comment_status":"closed","ping_status":"closed","sticky":false,"template":"","format":"standard","meta":{"footnotes":""},"categories":[21,25],"tags":[],"class_list":["post-2435","post","type-post","status-publish","format-standard","has-post-thumbnail","hentry","category-millores-va","category-noticies-va","no-featured-image-padding"],"lang":"va","translations":{"va":2435,"es":2437},"pll_sync_post":[],"_links":{"self":[{"href":"https:\/\/portal.edu.gva.es\/aules\/wp-json\/wp\/v2\/posts\/2435"}],"collection":[{"href":"https:\/\/portal.edu.gva.es\/aules\/wp-json\/wp\/v2\/posts"}],"about":[{"href":"https:\/\/portal.edu.gva.es\/aules\/wp-json\/wp\/v2\/types\/post"}],"author":[{"embeddable":true,"href":"https:\/\/portal.edu.gva.es\/aules\/wp-json\/wp\/v2\/users\/5974"}],"replies":[{"embeddable":true,"href":"https:\/\/portal.edu.gva.es\/aules\/wp-json\/wp\/v2\/comments?post=2435"}],"version-history":[{"count":3,"href":"https:\/\/portal.edu.gva.es\/aules\/wp-json\/wp\/v2\/posts\/2435\/revisions"}],"predecessor-version":[{"id":2450,"href":"https:\/\/portal.edu.gva.es\/aules\/wp-json\/wp\/v2\/posts\/2435\/revisions\/2450"}],"wp:featuredmedia":[{"embeddable":true,"href":"https:\/\/portal.edu.gva.es\/aules\/wp-json\/wp\/v2\/media\/705"}],"wp:attachment":[{"href":"https:\/\/portal.edu.gva.es\/aules\/wp-json\/wp\/v2\/media?parent=2435"}],"wp:term":[{"taxonomy":"category","embeddable":true,"href":"https:\/\/portal.edu.gva.es\/aules\/wp-json\/wp\/v2\/categories?post=2435"},{"taxonomy":"post_tag","embeddable":true,"href":"https:\/\/portal.edu.gva.es\/aules\/wp-json\/wp\/v2\/tags?post=2435"}],"curies":[{"name":"wp","href":"https:\/\/api.w.org\/{rel}","templated":true}]}}